{"id":3288,"date":"2026-03-12T12:45:45","date_gmt":"2026-03-12T15:45:45","guid":{"rendered":"http:\/\/red-dental.com\/wp\/?p=3288"},"modified":"2026-03-12T12:45:46","modified_gmt":"2026-03-12T15:45:46","slug":"sao-sac-summit-2026","status":"publish","type":"post","link":"https:\/\/red-dental.com\/wp\/sao-sac-summit-2026\/","title":{"rendered":"SAO-SAC SUMMIT 2026"},"content":{"rendered":"\n<p>Bajo el lema <strong>&#8220;Ortodoncia y Cirug\u00eda: Sinergia que Potencia Resultados&#8221;<\/strong>, se llevar\u00e1 a cabo el <strong>SAO-SAC SUMMIT 2026<\/strong> los d\u00edas 23 y 24 de abril. Este encuentro cient\u00edfico de vanguardia es organizado de forma conjunta por la <strong>Sociedad Argentina de Ortodoncia (SAO)<\/strong> y la <strong>Sociedad Argentina de Cirug\u00eda Bucomaxilofacial (SAC)<\/strong>, seccional de la <strong>Asociaci\u00f3n Odontol\u00f3gica Argentina<\/strong>.<\/p>\n\n\n\n<p>La propuesta acad\u00e9mica de este a\u00f1o se centra en el abordaje interdisciplinario, reuniendo a destacados referentes de la regi\u00f3n para discutir temas cr\u00edticos como la cirug\u00eda ortogn\u00e1tica, el manejo de asimetr\u00edas faciales y las nuevas fronteras del tratamiento digital. El evento tendr\u00e1 lugar en el Scala Hotel Buenos Aires, ubicado en la Ciudad Aut\u00f3noma de Buenos Aires, Argentina. Un lugar ideal para fomentar el intercambio profesional durante las jornadas acad\u00e9micas programadas para el jueves y viernes.<\/p>\n\n\n\n<p><strong>Programa<\/strong><\/p>\n\n\n\n<p><strong>Jueves 23 de Abril (ma\u00f1ana)<\/strong><\/p>\n\n\n\n<p>Horario: 09:15 &#8211; 09:35<br>Dr. N\u00e9stor Mauri\u00f1o (Argentina)<br>\u201cCirug\u00eda Ortogn\u00e1tica: evoluci\u00f3n hist\u00f3rica y construcci\u00f3n del trabajo interdisciplinario\u201d<\/p>\n\n\n\n<p>Horario: 09:40 &#8211; 10:00<br>Dra. Mariana Sab\u00e1s (Argentina)<br>\u201cOrtodoncia digital en malformaciones craneofaciales, una nueva frontera terap\u00e9utica: mi experiencia cl\u00ednica\u201d<\/p>\n\n\n\n<p>Horario: 10:05 &#8211; 10:25<br>Dr. Yamal Ayrad (Argentina)<br>\u201cProtocolo FLAP: Cirug\u00eda Ortogn\u00e1tica\u201d<\/p>\n\n\n\n<p>Horario: 10:55 &#8211; 11:15<br>Dra. Yanina Marcelloni (Argentina)<br>\u201cDistracci\u00f3n \u00f3sea en pacientes FLAP\u201d<\/p>\n\n\n\n<p>Horario: 11:20 &#8211; 11:40<br>Dr. Juan Carlos Cometti (Argentina)<br>\u201cManejo Transdisciplinario de las asimetr\u00edas faciales\u201d<br>Horario: 11:45 &#8211; 12:05<br>Dr. Jorge Soto (Argentina)<br>\u201cReabsorci\u00f3n condilar: Cuando la Ortodoncia define el futuro quir\u00fargico\u201d<\/p>\n\n\n\n<p>Horario: 12:10 &#8211; 12:30<br>Dr. Daniel Roscher (Argentina)<br>\u201cCuando las cosas no salen como las planificamos\u201d<\/p>\n\n\n\n<p>Horario: 12:35 &#8211; 12:55<br>Dr. Marcos Pitta (Brasil)<br>\u201cCu\u00e1ndo indicar cirug\u00eda Ortogn\u00e1tica y Pr\u00f3tesis de ATM\u201d<\/p>\n\n\n\n<p><strong>Jueves 23 de Abril (tarde)<\/strong><\/p>\n\n\n\n<p>Horario: 14:00 &#8211; 14:20<br>Dra. Anal\u00eda Chesini (Argentina)<br>\u201cMover los retenidos: Cirug\u00eda y Ortodoncia en acci\u00f3n\u201d<\/p>\n\n\n\n<p>Horario: 14:25 &#8211; 14:45<br>Dr. Claudio Becerra (Argentina)<br>\u201cJuicio al tercer molar\u201d<\/p>\n\n\n\n<p>Horario: 14:50 &#8211; 15:10<br>Dra. Jennyffer Valverde (Venezuela)<br>\u201cTratamiento Ortodoncico-Quir\u00fargico: decisiones cl\u00ednicas que definen el resultado\u201d<br>Horario: 15:15 &#8211; 15:35<br>Dr. Cristian Mart\u00ednez (Argentina)<br>\u201cImportancia funcional y est\u00e9tica de la modificaci\u00f3n del plano de oclusi\u00f3n\u201d<\/p>\n\n\n\n<p>Horario: 16:05 &#8211; 16:25<br>Dr. Gonzalo Herrera (Argentina)<br>\u201cLa Cirug\u00eda Ortogn\u00e1tica en la era de la customizaci\u00f3n\u201d<\/p>\n\n\n\n<p>Horario: 16:30 &#8211; 16:50<br>Dr. Santiago Molina (Argentina)<br>\u201cM\u00e1s all\u00e1 de la est\u00e9tica y oclusi\u00f3n: Cirug\u00eda Ortogn\u00e1tica para la Apnea Obstructiva del Sue\u00f1o (SAOS)\u201d<\/p>\n\n\n\n<p>Horario: 16:55 &#8211; 17:15<br>Dra. Gisela Nanni (Argentina)<br>\u201cDigital First: El Nuevo Paradigma en Ortogn\u00e1tica y Ortodoncia\u201d<\/p>\n\n\n\n<p>Horario: 17:20 &#8211; 17:40<br>Dr. Luis Bustos Aguilera (M\u00e9xico)<br>\u201cOrthoSurgery WORKFLOW: del diagn\u00f3stico al resultado estable\u201d<\/p>\n\n\n\n<p>Horario: 17:45 &#8211; 18:05<br>Dra. Ver\u00f3nica Tamborini (Argentina)<br>\u201cM\u00e1s all\u00e1 del esqueleto: refinamiento de tejidos blandos en la armon\u00eda facial\u201d<\/p>\n\n\n\n<p><strong>Viernes 24 de Abril<\/strong><br>Horario: 09:00 &#8211; 09:30<br>Dra. Elisa Tuber y Dr. Alejo Estrada (Argentina)<br>\u201cTratamiento quir\u00fargico en pacientes compensados ortodoncicamente\u201d<\/p>\n\n\n\n<p>Horario: 09:35 &#8211; 10:15<br>Dra. Macarena Alvarado Azolas (Chile)<br>&#8220;FACE FIRST&#8221;, nuevo concepto en Ortodoncia quir\u00fargica<\/p>\n\n\n\n<p>Horario: 10:20 &#8211; 10:40<br>Dr. Marcos Pitta (Brasil)<br>\u201cAn\u00e1lisis facial y planificaci\u00f3n. La computadora no hace todo\u201d<\/p>\n\n\n\n<p>Horario: 11:10 &#8211; 11:30<br>Dra. Gabriela Davicino (Argentina)<br>\u201cAbordaje bimaxilar en la correcci\u00f3n de la clase II\u201d<\/p>\n\n\n\n<p>Horario: 11:35 &#8211; 12:15<br>Dr. William Valdez (Chile)<br>\u201cPlanificaci\u00f3n ortodoncico-quir\u00fargica no convencional\u201d<\/p>\n\n\n\n<p>Horario: 12:20 &#8211; 12:40<br>Dr. Luis Bustos Aguilera (M\u00e9xico)<br>\u201cMISMARPE: consideraciones ortoquir\u00fargicas\u201d<\/p>\n\n\n\n<p>Horario: 12:45 &#8211; 13:05<br>Dr. Mat\u00edas Maina (Argentina)<br>\u201cAnclaje esqueletal: ampliaci\u00f3n de los l\u00edmites terap\u00e9uticos y preparaci\u00f3n prequir\u00fargica\u201d<\/p>\n\n\n\n<p>Los aranceles de participaci\u00f3n vigentes hasta el 31 de marzo de 2026 son:<\/p>\n\n\n\n<p>\u2022 Socios SAO\/ SAC: USD 220.<br>\u2022 No socios: USD 265.<br>\u2022 J\u00f3venes profesionales \/ Carreras de especializaci\u00f3n: USD 175.<\/p>\n\n\n\n<p>Para m\u00e1s informaci\u00f3n:<\/p>\n\n\n\n<p><strong>SAO-SAC SUMMIT 2026<\/strong><br>Wapp: +54 11 2288-9632<br>E-mail: <a href=\"mailto:eventos@ortodoncia.org.ar\" target=\"_blank\" rel=\"noreferrer noopener\">eventos@ortodoncia.org.ar<\/a><\/p>\n","protected":false},"excerpt":{"rendered":"<p>Bajo el lema &#8220;Ortodoncia y Cirug\u00eda: Sinergia que Potencia Resultados&#8221;, se llevar\u00e1 a cabo el SAO-SAC SUMMIT 2026 los d\u00edas<\/p>\n","protected":false},"author":1,"featured_media":3289,"comment_status":"closed","ping_status":"closed","sticky":false,"template":"","format":"standard","meta":[],"categories":[232,40,7,44],"tags":[5,235,234],"_links":{"self":[{"href":"https:\/\/red-dental.com\/wp\/wp-json\/wp\/v2\/posts\/3288"}],"collection":[{"href":"https:\/\/red-dental.com\/wp\/wp-json\/wp\/v2\/posts"}],"about":[{"href":"https:\/\/red-dental.com\/wp\/wp-json\/wp\/v2\/types\/post"}],"author":[{"embeddable":true,"href":"https:\/\/red-dental.com\/wp\/wp-json\/wp\/v2\/users\/1"}],"replies":[{"embeddable":true,"href":"https:\/\/red-dental.com\/wp\/wp-json\/wp\/v2\/comments?post=3288"}],"version-history":[{"count":1,"href":"https:\/\/red-dental.com\/wp\/wp-json\/wp\/v2\/posts\/3288\/revisions"}],"predecessor-version":[{"id":3290,"href":"https:\/\/red-dental.com\/wp\/wp-json\/wp\/v2\/posts\/3288\/revisions\/3290"}],"wp:featuredmedia":[{"embeddable":true,"href":"https:\/\/red-dental.com\/wp\/wp-json\/wp\/v2\/media\/3289"}],"wp:attachment":[{"href":"https:\/\/red-dental.com\/wp\/wp-json\/wp\/v2\/media?parent=3288"}],"wp:term":[{"taxonomy":"category","embeddable":true,"href":"https:\/\/red-dental.com\/wp\/wp-json\/wp\/v2\/categories?post=3288"},{"taxonomy":"post_tag","embeddable":true,"href":"https:\/\/red-dental.com\/wp\/wp-json\/wp\/v2\/tags?post=3288"}],"curies":[{"name":"wp","href":"https:\/\/api.w.org\/{rel}","templated":true}]}}