{"id":3350,"date":"2026-04-07T19:02:00","date_gmt":"2026-04-07T22:02:00","guid":{"rendered":"http:\/\/red-dental.com\/wp\/?p=3350"},"modified":"2026-04-27T19:03:48","modified_gmt":"2026-04-27T22:03:48","slug":"1o-congreso-latinoamericano-de-oxido-nitroso","status":"publish","type":"post","link":"https:\/\/red-dental.com\/wp\/1o-congreso-latinoamericano-de-oxido-nitroso\/","title":{"rendered":"1\u00ba Congreso Latinoamericano de \u00d3xido Nitroso"},"content":{"rendered":"\n<p>La odontolog\u00eda latinoamericana se prepara para un cambio de paradigma sin precedentes. Los pr\u00f3ximos 24 y 25 de abril de 2026, la ciudad de Resistencia, Chaco, ser\u00e1 la sede del \u201c1\u00ba Congreso Latinoamericano de Sedaci\u00f3n Consciente con \u00d3xido Nitroso\u201d. Este encuentro internacional promete marcar un hito en la regi\u00f3n, reuniendo a las figuras m\u00e1s influyentes de una t\u00e9cnica que combina seguridad cl\u00ednica con bienestar emocional. El congreso surge como una respuesta necesaria a uno de los mayores desaf\u00edos de la consulta actual: el manejo de la ansiedad y el miedo. El uso del \u00f3xido nitroso permite que los profesionales realicen tratamientos m\u00e1s complejos en un entorno de relajaci\u00f3n total para el paciente, optimizando tiempos y resultados en el sill\u00f3n dental.<\/p>\n\n\n\n<p><strong>Chaco: Territorio pionero en la vanguardia odontol\u00f3gica<\/strong><\/p>\n\n\n\n<p>La elecci\u00f3n de Resistencia como sede no es casual. El Chaco se ha consolidado como la primera provincia de Argentina en oficializar y regular la sedaci\u00f3n consciente, marcando un camino a seguir para el resto del pa\u00eds. Este logro es el resultado de un trabajo articulado que permiti\u00f3 establecer un marco legal y cl\u00ednico seguro, posicionando al sistema de salud chaque\u00f1o a la vanguardia de la humanizaci\u00f3n en la atenci\u00f3n odontol\u00f3gica. Realizar este congreso en suelo chaque\u00f1o es un reconocimiento directo a esa trayectoria de liderazgo normativo y profesional. Este avance ha sido impulsado por un equipo de gesti\u00f3n comprometido con la excelencia. La organizaci\u00f3n del evento cuenta con la conducci\u00f3n del Dr. Pedro Soler, presidente del congreso, junto a figuras clave como la Dra. Vanina L\u00f3pez Brown y el Dr. Javier Cristaldo, quienes han sido motores fundamentales en la promoci\u00f3n y el desarrollo de la t\u00e9cnica en la regi\u00f3n. Su labor ha sido decisiva para transformar la visi\u00f3n del cuidado odontol\u00f3gico y concretar este encuentro de jerarqu\u00eda internacional.<\/p>\n\n\n\n<p>El Dr. Pedro Soler destaco que: &#8220;La sedaci\u00f3n consciente es la soluci\u00f3n para manejar con seguridad la ansiedad del paciente. Es una t\u00e9cnica que mejora la atenci\u00f3n odontol\u00f3gica, es menos invasiva y reduce los costos de internaci\u00f3n. Es un antes y un despu\u00e9s en la atenci\u00f3n; una t\u00e9cnica segura, pr\u00e1ctica y eficiente que evita procedimientos m\u00e1s complejos&#8221;.<\/p>\n\n\n\n<p>Un panel de expertos de nivel mundial<br>La excelencia acad\u00e9mica ser\u00e1 el eje central de estas dos jornadas, con la presencia estelar del Dr. Stanley Malamed (EE.UU.), m\u00e1xima autoridad global en anestesiolog\u00eda odontol\u00f3gica. Junto a \u00e9l, participar\u00e1n especialistas de trayectoria probada:<\/p>\n\n\n\n<p>\u2022 Dr. Cesar Rios (Brasil): Referente en protocolos de seguridad y formaci\u00f3n t\u00e9cnica.<\/p>\n\n\n\n<p>\u2022 Dra. Robertha Tulio (Brasil): Experta en la aplicaci\u00f3n cl\u00ednica de la sedaci\u00f3n inhalatoria.<\/p>\n\n\n\n<p>\u2022 Dra. Marcela Retamoso (Argentina): Especialista en el manejo de pacientes neurodivergentes y con discapacidad.<\/p>\n\n\n\n<p>\u2022 Dra. Katia Laterra (Paraguay): Referente en la expansi\u00f3n de la t\u00e9cnica en el Cono Sur.<\/p>\n\n\n\n<p>El evento cuenta con el respaldo institucional de la Federaci\u00f3n Argentina de Colegios Odontol\u00f3gicos (FACO) y el Colegio de Odont\u00f3logos del Chaco. Este congreso representa una oportunidad \u00fanica de actualizaci\u00f3n en este tema de actualidad.<\/p>\n\n\n\n<p class=\"has-small-font-size\">Para m\u00e1s informaci\u00f3n:<\/p>\n\n\n\n<p class=\"has-small-font-size\"><strong>C\u00edrculo Odontol\u00f3gico del Chaco<\/strong><br>Av. San Mart\u00edn 115<br>Resistencia, Chaco<br>Tel.: 0362 4445877<br>Wapp: 0362 4548149<\/p>\n","protected":false},"excerpt":{"rendered":"<p>La odontolog\u00eda latinoamericana se prepara para un cambio de paradigma sin precedentes. Los pr\u00f3ximos 24 y 25 de abril de<\/p>\n","protected":false},"author":1,"featured_media":3351,"comment_status":"closed","ping_status":"closed","sticky":false,"template":"","format":"standard","meta":[],"categories":[232,40,7,44],"tags":[237,236],"_links":{"self":[{"href":"https:\/\/red-dental.com\/wp\/wp-json\/wp\/v2\/posts\/3350"}],"collection":[{"href":"https:\/\/red-dental.com\/wp\/wp-json\/wp\/v2\/posts"}],"about":[{"href":"https:\/\/red-dental.com\/wp\/wp-json\/wp\/v2\/types\/post"}],"author":[{"embeddable":true,"href":"https:\/\/red-dental.com\/wp\/wp-json\/wp\/v2\/users\/1"}],"replies":[{"embeddable":true,"href":"https:\/\/red-dental.com\/wp\/wp-json\/wp\/v2\/comments?post=3350"}],"version-history":[{"count":1,"href":"https:\/\/red-dental.com\/wp\/wp-json\/wp\/v2\/posts\/3350\/revisions"}],"predecessor-version":[{"id":3352,"href":"https:\/\/red-dental.com\/wp\/wp-json\/wp\/v2\/posts\/3350\/revisions\/3352"}],"wp:featuredmedia":[{"embeddable":true,"href":"https:\/\/red-dental.com\/wp\/wp-json\/wp\/v2\/media\/3351"}],"wp:attachment":[{"href":"https:\/\/red-dental.com\/wp\/wp-json\/wp\/v2\/media?parent=3350"}],"wp:term":[{"taxonomy":"category","embeddable":true,"href":"https:\/\/red-dental.com\/wp\/wp-json\/wp\/v2\/categories?post=3350"},{"taxonomy":"post_tag","embeddable":true,"href":"https:\/\/red-dental.com\/wp\/wp-json\/wp\/v2\/tags?post=3350"}],"curies":[{"name":"wp","href":"https:\/\/api.w.org\/{rel}","templated":true}]}}